{"id":1426,"date":"2016-12-24T14:52:45","date_gmt":"2016-12-24T13:52:45","guid":{"rendered":"http:\/\/www.sc-syrau.de\/fussball\/?p=1426"},"modified":"2025-08-07T15:20:42","modified_gmt":"2025-08-07T13:20:42","slug":"vorrunde-hallenpokal","status":"publish","type":"post","link":"https:\/\/www.sc-syrau.de\/fussball\/2016\/12\/24\/vorrunde-hallenpokal\/","title":{"rendered":"Vorrunde Hallenpokal"},"content":{"rendered":"<p>Am Dienstag, dem 27.12.16, greifen unsere Drachen in das Hallenfu\u00dfballturnier um den Pokal der Freien Presse ein. In der Plauener Kurt-Helbig-Halle m\u00fcssen sich unsere Hallenf\u00fcchse mit dem VFC Plauen 2, VfL Reumtengr\u00fcn, SSV Tirpersdorf, Leubnitzer SV und SV Bobenneukirchen messen. Ansto\u00df ist 17:00 Uhr und unsere Jungs hoffen auf zahlreiche Unterst\u00fctzung.<\/p>\n<p>Die beiden erstplatzierten Mannschaften der Gruppe F qualifizieren sich direkt f\u00fcr die Zwischenrunde. Aus den insgesamt 7 Vorrundengruppen kommen au\u00dferdem die 6 besten Dritten weiter.<\/p>\n","protected":false},"excerpt":{"rendered":"<p>Am Dienstag, dem 27.12.16, greifen unsere Drachen in das Hallenfu\u00dfballturnier um den Pokal der Freien Presse ein. In der Plauener Kurt-Helbig-Halle m\u00fcssen sich unsere Hallenf\u00fcchse mit dem VFC Plauen 2, [&hellip;]<\/p>\n","protected":false},"author":1,"featured_media":0,"comment_status":"open","ping_status":"open","sticky":false,"template":"","format":"standard","meta":{"_et_pb_use_builder":"","_et_pb_old_content":"","_et_gb_content_width":"","footnotes":""},"categories":[85],"tags":[24,12],"class_list":["post-1426","post","type-post","status-publish","format-standard","hentry","category-1-mannschaft","tag-24","tag-hallenpokal"],"_links":{"self":[{"href":"https:\/\/www.sc-syrau.de\/fussball\/wp-json\/wp\/v2\/posts\/1426","targetHints":{"allow":["GET"]}}],"collection":[{"href":"https:\/\/www.sc-syrau.de\/fussball\/wp-json\/wp\/v2\/posts"}],"about":[{"href":"https:\/\/www.sc-syrau.de\/fussball\/wp-json\/wp\/v2\/types\/post"}],"author":[{"embeddable":true,"href":"https:\/\/www.sc-syrau.de\/fussball\/wp-json\/wp\/v2\/users\/1"}],"replies":[{"embeddable":true,"href":"https:\/\/www.sc-syrau.de\/fussball\/wp-json\/wp\/v2\/comments?post=1426"}],"version-history":[{"count":1,"href":"https:\/\/www.sc-syrau.de\/fussball\/wp-json\/wp\/v2\/posts\/1426\/revisions"}],"predecessor-version":[{"id":1427,"href":"https:\/\/www.sc-syrau.de\/fussball\/wp-json\/wp\/v2\/posts\/1426\/revisions\/1427"}],"wp:attachment":[{"href":"https:\/\/www.sc-syrau.de\/fussball\/wp-json\/wp\/v2\/media?parent=1426"}],"wp:term":[{"taxonomy":"category","embeddable":true,"href":"https:\/\/www.sc-syrau.de\/fussball\/wp-json\/wp\/v2\/categories?post=1426"},{"taxonomy":"post_tag","embeddable":true,"href":"https:\/\/www.sc-syrau.de\/fussball\/wp-json\/wp\/v2\/tags?post=1426"}],"curies":[{"name":"wp","href":"https:\/\/api.w.org\/{rel}","templated":true}]}}