{"id":1724,"date":"2017-09-02T04:14:57","date_gmt":"2017-09-02T02:14:57","guid":{"rendered":"http:\/\/www.sc-syrau.de\/fussball\/?p=1724"},"modified":"2017-09-14T14:34:53","modified_gmt":"2017-09-14T12:34:53","slug":"erste-niederlage","status":"publish","type":"post","link":"https:\/\/www.sc-syrau.de\/fussball\/2017\/09\/02\/erste-niederlage\/","title":{"rendered":"erste Niederlage"},"content":{"rendered":"<p>[et_pb_section bb_built=&#8220;1&#8243; admin_label=&#8220;section&#8220;][et_pb_row admin_label=&#8220;row&#8220;][et_pb_column type=&#8220;4_4&#8243;][et_pb_text admin_label=&#8220;Paarung und Ergebnis&#8220; background_layout=&#8220;light&#8220; text_orientation=&#8220;left&#8220; border_style=&#8220;solid&#8220; _builder_version=&#8220;3.0.73&#8243;]<\/p>\n<p><strong><span style=\"text-decoration: underline;\">2. Kreisliga Staffel 2:<\/span>\u00a0\u00a0 SpG Lok Plauen\/VFC Plauen &#8211; SC Syrau II \u00a0 4 : 1 \u00a0 (3 : 0)<\/strong><\/p>\n<p>[\/et_pb_text][et_pb_text admin_label=&#8220;Spielbericht&#8220; background_layout=&#8220;light&#8220; text_orientation=&#8220;left&#8220; border_style=&#8220;solid&#8220; _builder_version=&#8220;3.0.73&#8243;]<\/p>\n<p>Nach dem \u00fcberraschenden Auftaktsieg gegen Stra\u00dfberg, wollten sich unsere Kicker auch bei der neu formierten Spielgemeinschaft Lok und VFC Plauen 3 so teuer wie m\u00f6glich verkaufen. In der 21. Minute konnte die Heimelf das 1:0 markieren. Nur 8 Minuten sp\u00e4ter gelang Florian Heinz der F\u00fchrungsausbau. Kurz vor der Pause fiel das vorentscheidende 3. Tor f\u00fcr die SpG.<\/p>\n<p>In der 2. Halbzeit konnte man das Spiel zwar ausgeglichener gestalten, allerdings konnte man seine M\u00f6glichkeiten nicht in Tore umm\u00fcnzen. So gelang das 3:1 erst in der Schlussminute. Doch auch da hatten die Hausherren eine Antwort parat und trafen in der Nachspielzeit zum Endstand.<\/p>\n<p>[\/et_pb_text][et_pb_text admin_label=&#8220;Torsch\u00fctzen&#8220; background_layout=&#8220;light&#8220; text_orientation=&#8220;left&#8220; border_style=&#8220;solid&#8220; _builder_version=&#8220;3.0.73&#8243;]<\/p>\n<p><span style=\"text-decoration: underline;\"><strong>Tore:<\/strong><\/span><\/p>\n<p>1 : 0 \u00a0 Philipp Ge\u00dfner (21.)<br \/>\n2 : 0 \u00a0 Florian Heinz (29.)<br \/>\n3 : 0 \u00a0 Philipp Ge\u00dfner (42.)<br \/>\n3 : 1\u00a0\u00a0 Michael Kraus (90.)<br \/>\n4 : 1 \u00a0 Larsen Meinhold (91.)<\/p>\n<p>[\/et_pb_text][et_pb_text admin_label=&#8220;Schiedsrichter&#8220; background_layout=&#8220;light&#8220; text_orientation=&#8220;left&#8220; border_style=&#8220;solid&#8220; _builder_version=&#8220;3.0.73&#8243;]<\/p>\n<p><span style=\"text-decoration: underline;\"><strong>Schiedsrichter:<\/strong><\/span><\/p>\n<p>Justin Herold (SR), Denny Roth, Rene Weidlich<\/p>\n<p>[\/et_pb_text][et_pb_text admin_label=&#8220;Zuschauer&#8220; background_layout=&#8220;light&#8220; text_orientation=&#8220;left&#8220; border_style=&#8220;solid&#8220; _builder_version=&#8220;3.0.73&#8243;]<\/p>\n<p><span style=\"text-decoration: underline;\"><strong>Zuschauer:<\/strong><\/span><\/p>\n<p>unbekannt<\/p>\n<p>[\/et_pb_text][\/et_pb_column][\/et_pb_row][\/et_pb_section]<\/p>\n","protected":false},"excerpt":{"rendered":"<p>2. Kreisliga Staffel 2:\u00a0\u00a0 SpG Lok Plauen\/VFC Plauen &#8211; SC Syrau II \u00a0 4 : 1 \u00a0 (3 : 0) Nach dem \u00fcberraschenden Auftaktsieg gegen Stra\u00dfberg, wollten sich unsere Kicker [&hellip;]<\/p>\n","protected":false},"author":1,"featured_media":0,"comment_status":"open","ping_status":"open","sticky":false,"template":"","format":"standard","meta":{"_et_pb_use_builder":"on","_et_pb_old_content":"","_et_gb_content_width":"","footnotes":""},"categories":[1],"tags":[38,14],"class_list":["post-1724","post","type-post","status-publish","format-standard","hentry","category-allgemein","tag-38","tag-punktspiel"],"_links":{"self":[{"href":"https:\/\/www.sc-syrau.de\/fussball\/wp-json\/wp\/v2\/posts\/1724","targetHints":{"allow":["GET"]}}],"collection":[{"href":"https:\/\/www.sc-syrau.de\/fussball\/wp-json\/wp\/v2\/posts"}],"about":[{"href":"https:\/\/www.sc-syrau.de\/fussball\/wp-json\/wp\/v2\/types\/post"}],"author":[{"embeddable":true,"href":"https:\/\/www.sc-syrau.de\/fussball\/wp-json\/wp\/v2\/users\/1"}],"replies":[{"embeddable":true,"href":"https:\/\/www.sc-syrau.de\/fussball\/wp-json\/wp\/v2\/comments?post=1724"}],"version-history":[{"count":1,"href":"https:\/\/www.sc-syrau.de\/fussball\/wp-json\/wp\/v2\/posts\/1724\/revisions"}],"predecessor-version":[{"id":1725,"href":"https:\/\/www.sc-syrau.de\/fussball\/wp-json\/wp\/v2\/posts\/1724\/revisions\/1725"}],"wp:attachment":[{"href":"https:\/\/www.sc-syrau.de\/fussball\/wp-json\/wp\/v2\/media?parent=1724"}],"wp:term":[{"taxonomy":"category","embeddable":true,"href":"https:\/\/www.sc-syrau.de\/fussball\/wp-json\/wp\/v2\/categories?post=1724"},{"taxonomy":"post_tag","embeddable":true,"href":"https:\/\/www.sc-syrau.de\/fussball\/wp-json\/wp\/v2\/tags?post=1724"}],"curies":[{"name":"wp","href":"https:\/\/api.w.org\/{rel}","templated":true}]}}