{"id":2635,"date":"2022-10-03T17:33:20","date_gmt":"2022-10-03T15:33:20","guid":{"rendered":"http:\/\/www.sc-syrau.de\/fussball\/?p=2635"},"modified":"2025-08-07T15:06:27","modified_gmt":"2025-08-07T13:06:27","slug":"erste-punkte-in-der-landesklasse","status":"publish","type":"post","link":"https:\/\/www.sc-syrau.de\/fussball\/2022\/10\/03\/erste-punkte-in-der-landesklasse\/","title":{"rendered":"Erste Punkte in der Landesklasse"},"content":{"rendered":"\n<p>Am Sonntag konnte die C-Jugend die ersten Punkte in der Landesklasse einfahren. In einem sehr k\u00f6rperlichen Spiel setze sich die Mannschaft mit 4:3 gegen den FSV Gr\u00fcn-Wei\u00df Klaffenbach durch. Die Mannschaft bewies nach einem fr\u00fchen R\u00fcckstand Moral und f\u00fchrte zur Halbzeit verdient mit 3:1. Nach der Halbzeit dr\u00fcckten die G\u00e4ste nochmal und verk\u00fcrzten auf 3:2, doch die C-Jugend stellte den alten Abstand wieder her. Kurz vor Schluss verk\u00fcrzten die G\u00e4ste erneut auf 4:3. Es passierte nichts nennenswertes mehr und so wandern die ersten Punkte auf das Konto der SpG Syrau \/ J\u00f6\u00dfnitz.<\/p>\n","protected":false},"excerpt":{"rendered":"<p>Am Sonntag konnte die C-Jugend die ersten Punkte in der Landesklasse einfahren. In einem sehr k\u00f6rperlichen Spiel setze sich die Mannschaft mit 4:3 gegen den FSV Gr\u00fcn-Wei\u00df Klaffenbach durch. Die [&hellip;]<\/p>\n","protected":false},"author":23,"featured_media":0,"comment_status":"closed","ping_status":"closed","sticky":false,"template":"","format":"standard","meta":{"_et_pb_use_builder":"","_et_pb_old_content":"","_et_gb_content_width":"","footnotes":""},"categories":[93],"tags":[56,59,57],"class_list":["post-2635","post","type-post","status-publish","format-standard","hentry","category-c-junioren","tag-56","tag-c-jugend","tag-landesklasse"],"_links":{"self":[{"href":"https:\/\/www.sc-syrau.de\/fussball\/wp-json\/wp\/v2\/posts\/2635","targetHints":{"allow":["GET"]}}],"collection":[{"href":"https:\/\/www.sc-syrau.de\/fussball\/wp-json\/wp\/v2\/posts"}],"about":[{"href":"https:\/\/www.sc-syrau.de\/fussball\/wp-json\/wp\/v2\/types\/post"}],"author":[{"embeddable":true,"href":"https:\/\/www.sc-syrau.de\/fussball\/wp-json\/wp\/v2\/users\/23"}],"replies":[{"embeddable":true,"href":"https:\/\/www.sc-syrau.de\/fussball\/wp-json\/wp\/v2\/comments?post=2635"}],"version-history":[{"count":1,"href":"https:\/\/www.sc-syrau.de\/fussball\/wp-json\/wp\/v2\/posts\/2635\/revisions"}],"predecessor-version":[{"id":2636,"href":"https:\/\/www.sc-syrau.de\/fussball\/wp-json\/wp\/v2\/posts\/2635\/revisions\/2636"}],"wp:attachment":[{"href":"https:\/\/www.sc-syrau.de\/fussball\/wp-json\/wp\/v2\/media?parent=2635"}],"wp:term":[{"taxonomy":"category","embeddable":true,"href":"https:\/\/www.sc-syrau.de\/fussball\/wp-json\/wp\/v2\/categories?post=2635"},{"taxonomy":"post_tag","embeddable":true,"href":"https:\/\/www.sc-syrau.de\/fussball\/wp-json\/wp\/v2\/tags?post=2635"}],"curies":[{"name":"wp","href":"https:\/\/api.w.org\/{rel}","templated":true}]}}