{"id":71,"date":"2016-10-25T21:36:10","date_gmt":"2016-10-25T19:36:10","guid":{"rendered":"http:\/\/www.sc-syrau.de\/kindersport\/?p=71"},"modified":"2017-04-14T13:48:59","modified_gmt":"2017-04-14T11:48:59","slug":"neuorganisation-kuenftig-2-gruppen","status":"publish","type":"post","link":"https:\/\/www.sc-syrau.de\/kindersport\/2016\/10\/25\/neuorganisation-kuenftig-2-gruppen\/","title":{"rendered":"Neuorganisation &#8211; k\u00fcnftig 2 Gruppen"},"content":{"rendered":"<p><strong>Ab<\/strong> <strong>November 2016<\/strong> wird es 2 Trainingsgruppen geben.<\/p>\n<ul>\n<li>2 &#8211; 3 j\u00e4hrige Kinder: Freitag, 15:30 &#8211; 16:15 Uhr<\/li>\n<li>3 &#8211; 5 j\u00e4hrige Kinder: Freitag, 16:15 &#8211; 17:00 Uhr<\/li>\n<\/ul>\n<p>Auf Grund der hohen Nachfrage war es notwendig, die Gruppe zu teilen. Nun\u00a0wird es besser m\u00f6glich sein ein attraktives und vor allem altersgerechtes Sportangebot zu bieten.\u00a0Unsere 3-j\u00e4hrigen Kinder werden individuell nach dem jeweiligen Entwicklungsstand den Gruppen zugeordnet. Wir freuen uns, dass wir\u00a0zwei neue \u00dcbungsleiter gewinnen konnten. Sabine und Janine werden uns zuk\u00fcnftig beim Kindersport unterst\u00fctzen.\u00a0Weiterhin ist es uns jetzt\u00a0m\u00f6glich die Kinder bis 5 Jahre zu trainieren.<\/p>\n<p>Wir freuen uns auf die neue Herausforderung und viele sch\u00f6ne Sportstunden mit den Kindern.<\/p>\n<p>Sonja und Katrin<\/p>\n","protected":false},"excerpt":{"rendered":"<p>Ab November 2016 wird es 2 Trainingsgruppen geben. 2 &#8211; 3 j\u00e4hrige Kinder: Freitag, 15:30 &#8211; 16:15 Uhr 3 &#8211; 5 j\u00e4hrige Kinder: Freitag, 16:15 &#8211; 17:00 Uhr Auf Grund [&hellip;]<\/p>\n","protected":false},"author":14,"featured_media":0,"comment_status":"closed","ping_status":"open","sticky":false,"template":"","format":"standard","meta":{"_et_pb_use_builder":"","_et_pb_old_content":"","_et_gb_content_width":"","footnotes":""},"categories":[1],"tags":[],"class_list":["post-71","post","type-post","status-publish","format-standard","hentry","category-allgemein"],"_links":{"self":[{"href":"https:\/\/www.sc-syrau.de\/kindersport\/wp-json\/wp\/v2\/posts\/71","targetHints":{"allow":["GET"]}}],"collection":[{"href":"https:\/\/www.sc-syrau.de\/kindersport\/wp-json\/wp\/v2\/posts"}],"about":[{"href":"https:\/\/www.sc-syrau.de\/kindersport\/wp-json\/wp\/v2\/types\/post"}],"author":[{"embeddable":true,"href":"https:\/\/www.sc-syrau.de\/kindersport\/wp-json\/wp\/v2\/users\/14"}],"replies":[{"embeddable":true,"href":"https:\/\/www.sc-syrau.de\/kindersport\/wp-json\/wp\/v2\/comments?post=71"}],"version-history":[{"count":5,"href":"https:\/\/www.sc-syrau.de\/kindersport\/wp-json\/wp\/v2\/posts\/71\/revisions"}],"predecessor-version":[{"id":81,"href":"https:\/\/www.sc-syrau.de\/kindersport\/wp-json\/wp\/v2\/posts\/71\/revisions\/81"}],"wp:attachment":[{"href":"https:\/\/www.sc-syrau.de\/kindersport\/wp-json\/wp\/v2\/media?parent=71"}],"wp:term":[{"taxonomy":"category","embeddable":true,"href":"https:\/\/www.sc-syrau.de\/kindersport\/wp-json\/wp\/v2\/categories?post=71"},{"taxonomy":"post_tag","embeddable":true,"href":"https:\/\/www.sc-syrau.de\/kindersport\/wp-json\/wp\/v2\/tags?post=71"}],"curies":[{"name":"wp","href":"https:\/\/api.w.org\/{rel}","templated":true}]}}