{"id":1881,"date":"2014-06-03T21:56:46","date_gmt":"2014-06-03T19:56:46","guid":{"rendered":"http:\/\/www.sc-syrau.de\/leichtathletik\/?p=1881"},"modified":"2016-04-24T22:07:13","modified_gmt":"2016-04-24T20:07:13","slug":"juni-2014","status":"publish","type":"post","link":"https:\/\/www.sc-syrau.de\/leichtathletik\/2014\/06\/03\/juni-2014\/","title":{"rendered":"Juni 2014"},"content":{"rendered":"<p>[et_pb_section admin_label=&#8220;section&#8220;][et_pb_row admin_label=&#8220;row&#8220;][et_pb_column type=&#8220;4_4&#8243;][et_pb_text admin_label=&#8220;Text&#8220; background_layout=&#8220;light&#8220; text_orientation=&#8220;left&#8220; text_font=&#8220;Times New Roman||||&#8220; use_border_color=&#8220;off&#8220; border_color=&#8220;#ffffff&#8220; border_style=&#8220;solid&#8220;]<\/p>\n<h1><span style=\"text-decoration: underline\"><span style=\"color: #000080;text-decoration: underline\">28.06.2014 &#8211; Chemnitz<br \/>\n<\/span><\/span><\/h1>\n<h3><span style=\"color: #000080\"><strong>Regionalmeisterschaft Jugend U14 und Kinder U12<\/strong><br \/>\n<\/span><\/h3>\n<p><strong><span style=\"color: #008000\"><a href=\"https:\/\/scsyraula.files.wordpress.com\/2014\/04\/28-06-rm-einzel-chemnitz.pdf\" target=\"_blank\"><span style=\"color: #008000\">\u00a0<span style=\"text-decoration: underline\">Ergebnisse<\/span><\/span><\/a><\/span><\/strong><\/p>\n<p><span style=\"color: #000000\">siehe auch auf<\/span>\u00a0<a href=\"http:\/\/www.lvsachsen.de\/front_content.php?idcat=88\" target=\"_blank\">www.lv-sachsen.de<\/a><\/p>\n<hr \/>\n<h1><span style=\"text-decoration: underline\"><span style=\"color: #000080;text-decoration: underline\">20.06. bis 22.06.2014 &#8211; Falkenstein<br \/>\n<\/span><\/span><\/h1>\n<h3><span style=\"color: #000080\"><strong>9. Vogtlandspiele<\/strong><br \/>\n<\/span><\/h3>\n<p><span style=\"color: #000000\">Die Vogtlandspiele der Leichtathletik sind zu Ende.\u00a0<\/span><\/p>\n<p><span style=\"color: #000000\">Viele gute Leistungen konnten unsere Sportler erzielen und auch das Wetter spielte einigerma\u00dfen mit, so dass wir drei sch\u00f6ne Wettkampftage erleben konnten.\u00a0<\/span><\/p>\n<p><span style=\"color: #000000\"><em>Ein gro\u00dfes Lob geht an unsere Sportler, die richtig gute Einzel-, Mannschafts- als auch Staffelleistungen vollbrachten. Aber auch an alle mitgereisten Eltern, die ihre Kinder und uns Trainer unterst\u00fctzen und an die tatkr\u00e4ftigen Kampfrichter, die wir als Verein stellen mussten. DANKESCH\u00d6N!!!<\/em><\/span><\/p>\n<p><span style=\"text-decoration: underline\"><span style=\"color: #008000;text-decoration: underline\"><strong><a href=\"https:\/\/scsyraula.files.wordpress.com\/2014\/04\/20-22-06-2014-ergebnisse-vogtlandspiele.pdf\" target=\"_blank\"><span style=\"color: #008000;text-decoration: underline\">20.-22.06.2014 Ergebnisse<\/span><\/a><\/strong><\/span><\/span><\/p>\n<p><span style=\"color: #000000\">siehe auch auf\u00a0<\/span><a href=\"http:\/\/www.vogtlandspiele.com\/index.php?pid=3\" target=\"_blank\">www.vogtlandspiele.com<\/a><\/p>\n<p><span style=\"color: #000000\">Hier einige Eindr\u00fccke vom Samstag, dem 21.06.2014 &#8211; Wettkampf der U14 bis U20<\/span><\/p>\n\n\t\t<style type=\"text\/css\">\n\t\t\t#gallery-1 {\n\t\t\t\tmargin: auto;\n\t\t\t}\n\t\t\t#gallery-1 .gallery-item {\n\t\t\t\tfloat: left;\n\t\t\t\tmargin-top: 10px;\n\t\t\t\ttext-align: center;\n\t\t\t\twidth: 20%;\n\t\t\t}\n\t\t\t#gallery-1 img {\n\t\t\t\tborder: 2px solid #cfcfcf;\n\t\t\t}\n\t\t\t#gallery-1 .gallery-caption {\n\t\t\t\tmargin-left: 0;\n\t\t\t}\n\t\t\t\/* see gallery_shortcode() in wp-includes\/media.php *\/\n\t\t<\/style>\n\t\t<div id='gallery-1' class='gallery galleryid-1881 gallery-columns-5 gallery-size-thumbnail'><dl class='gallery-item'>\n\t\t\t<dt class='gallery-icon landscape'>\n\t\t\t\t<a href='https:\/\/www.sc-syrau.de\/leichtathletik\/dsc01972\/'><img loading=\"lazy\" decoding=\"async\" width=\"150\" height=\"150\" src=\"https:\/\/www.sc-syrau.de\/leichtathletik\/wp-content\/uploads\/sites\/4\/2014\/06\/dsc01972-150x150.jpg\" class=\"attachment-thumbnail size-thumbnail\" alt=\"\" \/><\/a>\n\t\t\t<\/dt><\/dl><dl class='gallery-item'>\n\t\t\t<dt class='gallery-icon landscape'>\n\t\t\t\t<a href='https:\/\/www.sc-syrau.de\/leichtathletik\/dsc02075\/'><img loading=\"lazy\" decoding=\"async\" width=\"150\" height=\"150\" src=\"https:\/\/www.sc-syrau.de\/leichtathletik\/wp-content\/uploads\/sites\/4\/2014\/06\/dsc02075-150x150.jpg\" class=\"attachment-thumbnail size-thumbnail\" alt=\"\" \/><\/a>\n\t\t\t<\/dt><\/dl><dl class='gallery-item'>\n\t\t\t<dt class='gallery-icon landscape'>\n\t\t\t\t<a href='https:\/\/www.sc-syrau.de\/leichtathletik\/dsc02072\/'><img loading=\"lazy\" decoding=\"async\" width=\"150\" height=\"150\" src=\"https:\/\/www.sc-syrau.de\/leichtathletik\/wp-content\/uploads\/sites\/4\/2014\/06\/dsc02072-150x150.jpg\" class=\"attachment-thumbnail size-thumbnail\" alt=\"\" \/><\/a>\n\t\t\t<\/dt><\/dl><dl class='gallery-item'>\n\t\t\t<dt class='gallery-icon landscape'>\n\t\t\t\t<a href='https:\/\/www.sc-syrau.de\/leichtathletik\/dsc02069\/'><img loading=\"lazy\" decoding=\"async\" width=\"150\" height=\"150\" src=\"https:\/\/www.sc-syrau.de\/leichtathletik\/wp-content\/uploads\/sites\/4\/2014\/06\/dsc02069-150x150.jpg\" class=\"attachment-thumbnail size-thumbnail\" alt=\"\" \/><\/a>\n\t\t\t<\/dt><\/dl><dl class='gallery-item'>\n\t\t\t<dt class='gallery-icon landscape'>\n\t\t\t\t<a href='https:\/\/www.sc-syrau.de\/leichtathletik\/dsc02063\/'><img loading=\"lazy\" decoding=\"async\" width=\"150\" height=\"150\" src=\"https:\/\/www.sc-syrau.de\/leichtathletik\/wp-content\/uploads\/sites\/4\/2014\/06\/dsc02063-150x150.jpg\" class=\"attachment-thumbnail size-thumbnail\" alt=\"\" \/><\/a>\n\t\t\t<\/dt><\/dl><br style=\"clear: both\" \/><dl class='gallery-item'>\n\t\t\t<dt class='gallery-icon landscape'>\n\t\t\t\t<a href='https:\/\/www.sc-syrau.de\/leichtathletik\/dsc02061\/'><img loading=\"lazy\" decoding=\"async\" width=\"150\" height=\"150\" src=\"https:\/\/www.sc-syrau.de\/leichtathletik\/wp-content\/uploads\/sites\/4\/2014\/06\/dsc02061-150x150.jpg\" class=\"attachment-thumbnail size-thumbnail\" alt=\"\" \/><\/a>\n\t\t\t<\/dt><\/dl><dl class='gallery-item'>\n\t\t\t<dt class='gallery-icon landscape'>\n\t\t\t\t<a href='https:\/\/www.sc-syrau.de\/leichtathletik\/dsc02049\/'><img loading=\"lazy\" decoding=\"async\" width=\"150\" height=\"150\" src=\"https:\/\/www.sc-syrau.de\/leichtathletik\/wp-content\/uploads\/sites\/4\/2014\/06\/dsc02049-150x150.jpg\" class=\"attachment-thumbnail size-thumbnail\" alt=\"\" \/><\/a>\n\t\t\t<\/dt><\/dl><dl class='gallery-item'>\n\t\t\t<dt class='gallery-icon landscape'>\n\t\t\t\t<a href='https:\/\/www.sc-syrau.de\/leichtathletik\/dsc02043\/'><img loading=\"lazy\" decoding=\"async\" width=\"150\" height=\"150\" src=\"https:\/\/www.sc-syrau.de\/leichtathletik\/wp-content\/uploads\/sites\/4\/2014\/06\/dsc02043-150x150.jpg\" class=\"attachment-thumbnail size-thumbnail\" alt=\"\" \/><\/a>\n\t\t\t<\/dt><\/dl><dl class='gallery-item'>\n\t\t\t<dt class='gallery-icon landscape'>\n\t\t\t\t<a href='https:\/\/www.sc-syrau.de\/leichtathletik\/dsc02041\/'><img loading=\"lazy\" decoding=\"async\" width=\"150\" height=\"150\" src=\"https:\/\/www.sc-syrau.de\/leichtathletik\/wp-content\/uploads\/sites\/4\/2014\/06\/dsc02041-150x150.jpg\" class=\"attachment-thumbnail size-thumbnail\" alt=\"\" \/><\/a>\n\t\t\t<\/dt><\/dl><dl class='gallery-item'>\n\t\t\t<dt class='gallery-icon landscape'>\n\t\t\t\t<a href='https:\/\/www.sc-syrau.de\/leichtathletik\/dsc02039\/'><img loading=\"lazy\" decoding=\"async\" width=\"150\" height=\"150\" src=\"https:\/\/www.sc-syrau.de\/leichtathletik\/wp-content\/uploads\/sites\/4\/2014\/06\/dsc02039-150x150.jpg\" class=\"attachment-thumbnail size-thumbnail\" alt=\"\" \/><\/a>\n\t\t\t<\/dt><\/dl><br style=\"clear: both\" \/><dl class='gallery-item'>\n\t\t\t<dt class='gallery-icon landscape'>\n\t\t\t\t<a href='https:\/\/www.sc-syrau.de\/leichtathletik\/dsc02037\/'><img loading=\"lazy\" decoding=\"async\" width=\"150\" height=\"150\" src=\"https:\/\/www.sc-syrau.de\/leichtathletik\/wp-content\/uploads\/sites\/4\/2014\/06\/dsc02037-150x150.jpg\" class=\"attachment-thumbnail size-thumbnail\" alt=\"\" \/><\/a>\n\t\t\t<\/dt><\/dl><dl class='gallery-item'>\n\t\t\t<dt class='gallery-icon landscape'>\n\t\t\t\t<a href='https:\/\/www.sc-syrau.de\/leichtathletik\/dsc02035\/'><img loading=\"lazy\" decoding=\"async\" width=\"150\" height=\"150\" src=\"https:\/\/www.sc-syrau.de\/leichtathletik\/wp-content\/uploads\/sites\/4\/2014\/06\/dsc02035-150x150.jpg\" class=\"attachment-thumbnail size-thumbnail\" alt=\"\" \/><\/a>\n\t\t\t<\/dt><\/dl><dl class='gallery-item'>\n\t\t\t<dt class='gallery-icon landscape'>\n\t\t\t\t<a href='https:\/\/www.sc-syrau.de\/leichtathletik\/dsc02034\/'><img loading=\"lazy\" decoding=\"async\" width=\"150\" height=\"150\" src=\"https:\/\/www.sc-syrau.de\/leichtathletik\/wp-content\/uploads\/sites\/4\/2014\/06\/dsc02034-150x150.jpg\" class=\"attachment-thumbnail size-thumbnail\" alt=\"\" \/><\/a>\n\t\t\t<\/dt><\/dl><dl class='gallery-item'>\n\t\t\t<dt class='gallery-icon landscape'>\n\t\t\t\t<a href='https:\/\/www.sc-syrau.de\/leichtathletik\/dsc02033\/'><img loading=\"lazy\" decoding=\"async\" width=\"150\" height=\"150\" src=\"https:\/\/www.sc-syrau.de\/leichtathletik\/wp-content\/uploads\/sites\/4\/2014\/06\/dsc02033-150x150.jpg\" class=\"attachment-thumbnail size-thumbnail\" alt=\"\" \/><\/a>\n\t\t\t<\/dt><\/dl><dl class='gallery-item'>\n\t\t\t<dt class='gallery-icon landscape'>\n\t\t\t\t<a href='https:\/\/www.sc-syrau.de\/leichtathletik\/dsc02028\/'><img loading=\"lazy\" decoding=\"async\" width=\"150\" height=\"150\" src=\"https:\/\/www.sc-syrau.de\/leichtathletik\/wp-content\/uploads\/sites\/4\/2014\/06\/dsc02028-150x150.jpg\" class=\"attachment-thumbnail size-thumbnail\" alt=\"\" \/><\/a>\n\t\t\t<\/dt><\/dl><br style=\"clear: both\" \/><dl class='gallery-item'>\n\t\t\t<dt class='gallery-icon landscape'>\n\t\t\t\t<a href='https:\/\/www.sc-syrau.de\/leichtathletik\/dsc02026\/'><img loading=\"lazy\" decoding=\"async\" width=\"150\" height=\"150\" src=\"https:\/\/www.sc-syrau.de\/leichtathletik\/wp-content\/uploads\/sites\/4\/2014\/06\/dsc02026-150x150.jpg\" class=\"attachment-thumbnail size-thumbnail\" alt=\"\" \/><\/a>\n\t\t\t<\/dt><\/dl><dl class='gallery-item'>\n\t\t\t<dt class='gallery-icon landscape'>\n\t\t\t\t<a href='https:\/\/www.sc-syrau.de\/leichtathletik\/dsc02019\/'><img loading=\"lazy\" decoding=\"async\" width=\"150\" height=\"150\" src=\"https:\/\/www.sc-syrau.de\/leichtathletik\/wp-content\/uploads\/sites\/4\/2014\/06\/dsc02019-150x150.jpg\" class=\"attachment-thumbnail size-thumbnail\" alt=\"\" \/><\/a>\n\t\t\t<\/dt><\/dl><dl class='gallery-item'>\n\t\t\t<dt class='gallery-icon landscape'>\n\t\t\t\t<a href='https:\/\/www.sc-syrau.de\/leichtathletik\/dsc02017\/'><img loading=\"lazy\" decoding=\"async\" width=\"150\" height=\"150\" src=\"https:\/\/www.sc-syrau.de\/leichtathletik\/wp-content\/uploads\/sites\/4\/2014\/06\/dsc02017-150x150.jpg\" class=\"attachment-thumbnail size-thumbnail\" alt=\"\" \/><\/a>\n\t\t\t<\/dt><\/dl><dl class='gallery-item'>\n\t\t\t<dt class='gallery-icon landscape'>\n\t\t\t\t<a href='https:\/\/www.sc-syrau.de\/leichtathletik\/dsc02014\/'><img loading=\"lazy\" decoding=\"async\" width=\"150\" height=\"150\" src=\"https:\/\/www.sc-syrau.de\/leichtathletik\/wp-content\/uploads\/sites\/4\/2014\/06\/dsc02014-150x150.jpg\" class=\"attachment-thumbnail size-thumbnail\" alt=\"\" \/><\/a>\n\t\t\t<\/dt><\/dl><dl class='gallery-item'>\n\t\t\t<dt class='gallery-icon landscape'>\n\t\t\t\t<a href='https:\/\/www.sc-syrau.de\/leichtathletik\/dsc02010\/'><img loading=\"lazy\" decoding=\"async\" width=\"150\" height=\"150\" src=\"https:\/\/www.sc-syrau.de\/leichtathletik\/wp-content\/uploads\/sites\/4\/2014\/06\/dsc02010-150x150.jpg\" class=\"attachment-thumbnail size-thumbnail\" alt=\"\" \/><\/a>\n\t\t\t<\/dt><\/dl><br style=\"clear: both\" \/><dl class='gallery-item'>\n\t\t\t<dt class='gallery-icon landscape'>\n\t\t\t\t<a href='https:\/\/www.sc-syrau.de\/leichtathletik\/dsc02009\/'><img loading=\"lazy\" decoding=\"async\" width=\"150\" height=\"150\" src=\"https:\/\/www.sc-syrau.de\/leichtathletik\/wp-content\/uploads\/sites\/4\/2014\/06\/dsc02009-150x150.jpg\" class=\"attachment-thumbnail size-thumbnail\" alt=\"\" \/><\/a>\n\t\t\t<\/dt><\/dl><dl class='gallery-item'>\n\t\t\t<dt class='gallery-icon landscape'>\n\t\t\t\t<a href='https:\/\/www.sc-syrau.de\/leichtathletik\/dsc02006\/'><img loading=\"lazy\" decoding=\"async\" width=\"150\" height=\"150\" src=\"https:\/\/www.sc-syrau.de\/leichtathletik\/wp-content\/uploads\/sites\/4\/2014\/06\/dsc02006-150x150.jpg\" class=\"attachment-thumbnail size-thumbnail\" alt=\"\" \/><\/a>\n\t\t\t<\/dt><\/dl><dl class='gallery-item'>\n\t\t\t<dt class='gallery-icon landscape'>\n\t\t\t\t<a href='https:\/\/www.sc-syrau.de\/leichtathletik\/dsc01999\/'><img loading=\"lazy\" decoding=\"async\" width=\"150\" height=\"150\" src=\"https:\/\/www.sc-syrau.de\/leichtathletik\/wp-content\/uploads\/sites\/4\/2014\/06\/dsc01999-150x150.jpg\" class=\"attachment-thumbnail size-thumbnail\" alt=\"\" \/><\/a>\n\t\t\t<\/dt><\/dl><dl class='gallery-item'>\n\t\t\t<dt class='gallery-icon landscape'>\n\t\t\t\t<a href='https:\/\/www.sc-syrau.de\/leichtathletik\/dsc01997\/'><img loading=\"lazy\" decoding=\"async\" width=\"150\" height=\"150\" src=\"https:\/\/www.sc-syrau.de\/leichtathletik\/wp-content\/uploads\/sites\/4\/2014\/06\/dsc01997-150x150.jpg\" class=\"attachment-thumbnail size-thumbnail\" alt=\"\" \/><\/a>\n\t\t\t<\/dt><\/dl><dl class='gallery-item'>\n\t\t\t<dt class='gallery-icon landscape'>\n\t\t\t\t<a href='https:\/\/www.sc-syrau.de\/leichtathletik\/dsc01995\/'><img loading=\"lazy\" decoding=\"async\" width=\"150\" height=\"150\" src=\"https:\/\/www.sc-syrau.de\/leichtathletik\/wp-content\/uploads\/sites\/4\/2014\/06\/dsc01995-150x150.jpg\" class=\"attachment-thumbnail size-thumbnail\" alt=\"\" \/><\/a>\n\t\t\t<\/dt><\/dl><br style=\"clear: both\" \/><dl class='gallery-item'>\n\t\t\t<dt class='gallery-icon landscape'>\n\t\t\t\t<a href='https:\/\/www.sc-syrau.de\/leichtathletik\/dsc01993\/'><img loading=\"lazy\" decoding=\"async\" width=\"150\" height=\"150\" src=\"https:\/\/www.sc-syrau.de\/leichtathletik\/wp-content\/uploads\/sites\/4\/2014\/06\/dsc01993-150x150.jpg\" class=\"attachment-thumbnail size-thumbnail\" alt=\"\" \/><\/a>\n\t\t\t<\/dt><\/dl><dl class='gallery-item'>\n\t\t\t<dt class='gallery-icon landscape'>\n\t\t\t\t<a href='https:\/\/www.sc-syrau.de\/leichtathletik\/dsc01991\/'><img loading=\"lazy\" decoding=\"async\" width=\"150\" height=\"150\" src=\"https:\/\/www.sc-syrau.de\/leichtathletik\/wp-content\/uploads\/sites\/4\/2014\/06\/dsc01991-150x150.jpg\" class=\"attachment-thumbnail size-thumbnail\" alt=\"\" \/><\/a>\n\t\t\t<\/dt><\/dl><dl class='gallery-item'>\n\t\t\t<dt class='gallery-icon landscape'>\n\t\t\t\t<a href='https:\/\/www.sc-syrau.de\/leichtathletik\/dsc01990\/'><img loading=\"lazy\" decoding=\"async\" width=\"150\" height=\"150\" src=\"https:\/\/www.sc-syrau.de\/leichtathletik\/wp-content\/uploads\/sites\/4\/2014\/06\/dsc01990-150x150.jpg\" class=\"attachment-thumbnail size-thumbnail\" alt=\"\" \/><\/a>\n\t\t\t<\/dt><\/dl><dl class='gallery-item'>\n\t\t\t<dt class='gallery-icon landscape'>\n\t\t\t\t<a href='https:\/\/www.sc-syrau.de\/leichtathletik\/dsc01988\/'><img loading=\"lazy\" decoding=\"async\" width=\"150\" height=\"150\" src=\"https:\/\/www.sc-syrau.de\/leichtathletik\/wp-content\/uploads\/sites\/4\/2014\/06\/dsc01988-150x150.jpg\" class=\"attachment-thumbnail size-thumbnail\" alt=\"\" \/><\/a>\n\t\t\t<\/dt><\/dl><dl class='gallery-item'>\n\t\t\t<dt class='gallery-icon landscape'>\n\t\t\t\t<a href='https:\/\/www.sc-syrau.de\/leichtathletik\/dsc01986\/'><img loading=\"lazy\" decoding=\"async\" width=\"150\" height=\"150\" src=\"https:\/\/www.sc-syrau.de\/leichtathletik\/wp-content\/uploads\/sites\/4\/2014\/06\/dsc01986-150x150.jpg\" class=\"attachment-thumbnail size-thumbnail\" alt=\"\" \/><\/a>\n\t\t\t<\/dt><\/dl><br style=\"clear: both\" \/><dl class='gallery-item'>\n\t\t\t<dt class='gallery-icon landscape'>\n\t\t\t\t<a href='https:\/\/www.sc-syrau.de\/leichtathletik\/dsc01983\/'><img loading=\"lazy\" decoding=\"async\" width=\"150\" height=\"150\" src=\"https:\/\/www.sc-syrau.de\/leichtathletik\/wp-content\/uploads\/sites\/4\/2014\/06\/dsc01983-150x150.jpg\" class=\"attachment-thumbnail size-thumbnail\" alt=\"\" \/><\/a>\n\t\t\t<\/dt><\/dl><dl class='gallery-item'>\n\t\t\t<dt class='gallery-icon landscape'>\n\t\t\t\t<a href='https:\/\/www.sc-syrau.de\/leichtathletik\/dsc01982\/'><img loading=\"lazy\" decoding=\"async\" width=\"150\" height=\"150\" src=\"https:\/\/www.sc-syrau.de\/leichtathletik\/wp-content\/uploads\/sites\/4\/2014\/06\/dsc01982-150x150.jpg\" class=\"attachment-thumbnail size-thumbnail\" alt=\"\" \/><\/a>\n\t\t\t<\/dt><\/dl><dl class='gallery-item'>\n\t\t\t<dt class='gallery-icon landscape'>\n\t\t\t\t<a href='https:\/\/www.sc-syrau.de\/leichtathletik\/dsc01981\/'><img loading=\"lazy\" decoding=\"async\" width=\"150\" height=\"150\" src=\"https:\/\/www.sc-syrau.de\/leichtathletik\/wp-content\/uploads\/sites\/4\/2014\/06\/dsc01981-150x150.jpg\" class=\"attachment-thumbnail size-thumbnail\" alt=\"\" \/><\/a>\n\t\t\t<\/dt><\/dl><dl class='gallery-item'>\n\t\t\t<dt class='gallery-icon landscape'>\n\t\t\t\t<a href='https:\/\/www.sc-syrau.de\/leichtathletik\/dsc01980\/'><img loading=\"lazy\" decoding=\"async\" width=\"150\" height=\"150\" src=\"https:\/\/www.sc-syrau.de\/leichtathletik\/wp-content\/uploads\/sites\/4\/2014\/06\/dsc01980-150x150.jpg\" class=\"attachment-thumbnail size-thumbnail\" alt=\"\" \/><\/a>\n\t\t\t<\/dt><\/dl><dl class='gallery-item'>\n\t\t\t<dt class='gallery-icon landscape'>\n\t\t\t\t<a href='https:\/\/www.sc-syrau.de\/leichtathletik\/dsc01976\/'><img loading=\"lazy\" decoding=\"async\" width=\"150\" height=\"150\" src=\"https:\/\/www.sc-syrau.de\/leichtathletik\/wp-content\/uploads\/sites\/4\/2014\/06\/dsc01976-150x150.jpg\" class=\"attachment-thumbnail size-thumbnail\" alt=\"\" \/><\/a>\n\t\t\t<\/dt><\/dl><br style=\"clear: both\" \/><dl class='gallery-item'>\n\t\t\t<dt class='gallery-icon landscape'>\n\t\t\t\t<a href='https:\/\/www.sc-syrau.de\/leichtathletik\/dsc01975\/'><img loading=\"lazy\" decoding=\"async\" width=\"150\" height=\"150\" src=\"https:\/\/www.sc-syrau.de\/leichtathletik\/wp-content\/uploads\/sites\/4\/2014\/06\/dsc01975-150x150.jpg\" class=\"attachment-thumbnail size-thumbnail\" alt=\"\" \/><\/a>\n\t\t\t<\/dt><\/dl><dl class='gallery-item'>\n\t\t\t<dt class='gallery-icon landscape'>\n\t\t\t\t<a href='https:\/\/www.sc-syrau.de\/leichtathletik\/dsc01974\/'><img loading=\"lazy\" decoding=\"async\" width=\"150\" height=\"150\" src=\"https:\/\/www.sc-syrau.de\/leichtathletik\/wp-content\/uploads\/sites\/4\/2014\/06\/dsc01974-150x150.jpg\" class=\"attachment-thumbnail size-thumbnail\" alt=\"\" \/><\/a>\n\t\t\t<\/dt><\/dl><dl class='gallery-item'>\n\t\t\t<dt class='gallery-icon landscape'>\n\t\t\t\t<a href='https:\/\/www.sc-syrau.de\/leichtathletik\/dsc01973\/'><img loading=\"lazy\" decoding=\"async\" width=\"150\" height=\"150\" src=\"https:\/\/www.sc-syrau.de\/leichtathletik\/wp-content\/uploads\/sites\/4\/2014\/06\/dsc01973-150x150.jpg\" class=\"attachment-thumbnail size-thumbnail\" alt=\"\" \/><\/a>\n\t\t\t<\/dt><\/dl>\n\t\t\t<br style='clear: both' \/>\n\t\t<\/div>\n\n<p><span style=\"color: #000000\">und nat\u00fcrlich auch von unserer U8 bis U12<\/span><\/p>\n\n\t\t<style type=\"text\/css\">\n\t\t\t#gallery-2 {\n\t\t\t\tmargin: auto;\n\t\t\t}\n\t\t\t#gallery-2 .gallery-item {\n\t\t\t\tfloat: left;\n\t\t\t\tmargin-top: 10px;\n\t\t\t\ttext-align: center;\n\t\t\t\twidth: 20%;\n\t\t\t}\n\t\t\t#gallery-2 img {\n\t\t\t\tborder: 2px solid #cfcfcf;\n\t\t\t}\n\t\t\t#gallery-2 .gallery-caption {\n\t\t\t\tmargin-left: 0;\n\t\t\t}\n\t\t\t\/* see gallery_shortcode() in wp-includes\/media.php *\/\n\t\t<\/style>\n\t\t<div id='gallery-2' class='gallery galleryid-1881 gallery-columns-5 gallery-size-thumbnail'><dl class='gallery-item'>\n\t\t\t<dt class='gallery-icon landscape'>\n\t\t\t\t<a href='https:\/\/www.sc-syrau.de\/leichtathletik\/dsc02076\/'><img loading=\"lazy\" decoding=\"async\" width=\"150\" height=\"150\" src=\"https:\/\/www.sc-syrau.de\/leichtathletik\/wp-content\/uploads\/sites\/4\/2014\/06\/dsc02076-150x150.jpg\" class=\"attachment-thumbnail size-thumbnail\" alt=\"\" \/><\/a>\n\t\t\t<\/dt><\/dl><dl class='gallery-item'>\n\t\t\t<dt class='gallery-icon landscape'>\n\t\t\t\t<a href='https:\/\/www.sc-syrau.de\/leichtathletik\/dsc02154\/'><img loading=\"lazy\" decoding=\"async\" width=\"150\" height=\"150\" src=\"https:\/\/www.sc-syrau.de\/leichtathletik\/wp-content\/uploads\/sites\/4\/2014\/06\/dsc02154-150x150.jpg\" class=\"attachment-thumbnail size-thumbnail\" alt=\"\" \/><\/a>\n\t\t\t<\/dt><\/dl><dl class='gallery-item'>\n\t\t\t<dt class='gallery-icon landscape'>\n\t\t\t\t<a href='https:\/\/www.sc-syrau.de\/leichtathletik\/dsc02150\/'><img loading=\"lazy\" decoding=\"async\" width=\"150\" height=\"150\" src=\"https:\/\/www.sc-syrau.de\/leichtathletik\/wp-content\/uploads\/sites\/4\/2014\/06\/dsc02150-150x150.jpg\" class=\"attachment-thumbnail size-thumbnail\" alt=\"\" \/><\/a>\n\t\t\t<\/dt><\/dl><dl class='gallery-item'>\n\t\t\t<dt class='gallery-icon landscape'>\n\t\t\t\t<a href='https:\/\/www.sc-syrau.de\/leichtathletik\/dsc02148\/'><img loading=\"lazy\" decoding=\"async\" width=\"150\" height=\"150\" src=\"https:\/\/www.sc-syrau.de\/leichtathletik\/wp-content\/uploads\/sites\/4\/2014\/06\/dsc02148-150x150.jpg\" class=\"attachment-thumbnail size-thumbnail\" alt=\"\" \/><\/a>\n\t\t\t<\/dt><\/dl><dl class='gallery-item'>\n\t\t\t<dt class='gallery-icon landscape'>\n\t\t\t\t<a href='https:\/\/www.sc-syrau.de\/leichtathletik\/dsc02147\/'><img loading=\"lazy\" decoding=\"async\" width=\"150\" height=\"150\" src=\"https:\/\/www.sc-syrau.de\/leichtathletik\/wp-content\/uploads\/sites\/4\/2014\/06\/dsc02147-150x150.jpg\" class=\"attachment-thumbnail size-thumbnail\" alt=\"\" \/><\/a>\n\t\t\t<\/dt><\/dl><br style=\"clear: both\" \/><dl class='gallery-item'>\n\t\t\t<dt class='gallery-icon landscape'>\n\t\t\t\t<a href='https:\/\/www.sc-syrau.de\/leichtathletik\/dsc02144\/'><img loading=\"lazy\" decoding=\"async\" width=\"150\" height=\"150\" src=\"https:\/\/www.sc-syrau.de\/leichtathletik\/wp-content\/uploads\/sites\/4\/2014\/06\/dsc02144-150x150.jpg\" class=\"attachment-thumbnail size-thumbnail\" alt=\"\" \/><\/a>\n\t\t\t<\/dt><\/dl><dl class='gallery-item'>\n\t\t\t<dt class='gallery-icon landscape'>\n\t\t\t\t<a href='https:\/\/www.sc-syrau.de\/leichtathletik\/dsc02140\/'><img loading=\"lazy\" decoding=\"async\" width=\"150\" height=\"150\" src=\"https:\/\/www.sc-syrau.de\/leichtathletik\/wp-content\/uploads\/sites\/4\/2014\/06\/dsc02140-150x150.jpg\" class=\"attachment-thumbnail size-thumbnail\" alt=\"\" \/><\/a>\n\t\t\t<\/dt><\/dl><dl class='gallery-item'>\n\t\t\t<dt class='gallery-icon landscape'>\n\t\t\t\t<a href='https:\/\/www.sc-syrau.de\/leichtathletik\/dsc02136\/'><img loading=\"lazy\" decoding=\"async\" width=\"150\" height=\"150\" src=\"https:\/\/www.sc-syrau.de\/leichtathletik\/wp-content\/uploads\/sites\/4\/2014\/06\/dsc02136-150x150.jpg\" class=\"attachment-thumbnail size-thumbnail\" alt=\"\" \/><\/a>\n\t\t\t<\/dt><\/dl><dl class='gallery-item'>\n\t\t\t<dt class='gallery-icon landscape'>\n\t\t\t\t<a href='https:\/\/www.sc-syrau.de\/leichtathletik\/dsc02129\/'><img loading=\"lazy\" decoding=\"async\" width=\"150\" height=\"150\" src=\"https:\/\/www.sc-syrau.de\/leichtathletik\/wp-content\/uploads\/sites\/4\/2014\/06\/dsc02129-150x150.jpg\" class=\"attachment-thumbnail size-thumbnail\" alt=\"\" \/><\/a>\n\t\t\t<\/dt><\/dl><dl class='gallery-item'>\n\t\t\t<dt class='gallery-icon landscape'>\n\t\t\t\t<a href='https:\/\/www.sc-syrau.de\/leichtathletik\/dsc02124\/'><img loading=\"lazy\" decoding=\"async\" width=\"150\" height=\"150\" src=\"https:\/\/www.sc-syrau.de\/leichtathletik\/wp-content\/uploads\/sites\/4\/2014\/06\/dsc02124-150x150.jpg\" class=\"attachment-thumbnail size-thumbnail\" alt=\"\" \/><\/a>\n\t\t\t<\/dt><\/dl><br style=\"clear: both\" \/><dl class='gallery-item'>\n\t\t\t<dt class='gallery-icon landscape'>\n\t\t\t\t<a href='https:\/\/www.sc-syrau.de\/leichtathletik\/dsc02111\/'><img loading=\"lazy\" decoding=\"async\" width=\"150\" height=\"150\" src=\"https:\/\/www.sc-syrau.de\/leichtathletik\/wp-content\/uploads\/sites\/4\/2014\/06\/dsc02111-150x150.jpg\" class=\"attachment-thumbnail size-thumbnail\" alt=\"\" \/><\/a>\n\t\t\t<\/dt><\/dl><dl class='gallery-item'>\n\t\t\t<dt class='gallery-icon landscape'>\n\t\t\t\t<a href='https:\/\/www.sc-syrau.de\/leichtathletik\/dsc02107\/'><img loading=\"lazy\" decoding=\"async\" width=\"150\" height=\"150\" src=\"https:\/\/www.sc-syrau.de\/leichtathletik\/wp-content\/uploads\/sites\/4\/2014\/06\/dsc02107-150x150.jpg\" class=\"attachment-thumbnail size-thumbnail\" alt=\"\" \/><\/a>\n\t\t\t<\/dt><\/dl><dl class='gallery-item'>\n\t\t\t<dt class='gallery-icon landscape'>\n\t\t\t\t<a href='https:\/\/www.sc-syrau.de\/leichtathletik\/dsc02102\/'><img loading=\"lazy\" decoding=\"async\" width=\"150\" height=\"150\" src=\"https:\/\/www.sc-syrau.de\/leichtathletik\/wp-content\/uploads\/sites\/4\/2014\/06\/dsc02102-150x150.jpg\" class=\"attachment-thumbnail size-thumbnail\" alt=\"\" \/><\/a>\n\t\t\t<\/dt><\/dl><dl class='gallery-item'>\n\t\t\t<dt class='gallery-icon landscape'>\n\t\t\t\t<a href='https:\/\/www.sc-syrau.de\/leichtathletik\/dsc02094\/'><img loading=\"lazy\" decoding=\"async\" width=\"150\" height=\"150\" src=\"https:\/\/www.sc-syrau.de\/leichtathletik\/wp-content\/uploads\/sites\/4\/2014\/06\/dsc02094-150x150.jpg\" class=\"attachment-thumbnail size-thumbnail\" alt=\"\" \/><\/a>\n\t\t\t<\/dt><\/dl><dl class='gallery-item'>\n\t\t\t<dt class='gallery-icon landscape'>\n\t\t\t\t<a href='https:\/\/www.sc-syrau.de\/leichtathletik\/dsc02092\/'><img loading=\"lazy\" decoding=\"async\" width=\"150\" height=\"150\" src=\"https:\/\/www.sc-syrau.de\/leichtathletik\/wp-content\/uploads\/sites\/4\/2014\/06\/dsc02092-150x150.jpg\" class=\"attachment-thumbnail size-thumbnail\" alt=\"\" \/><\/a>\n\t\t\t<\/dt><\/dl><br style=\"clear: both\" \/><dl class='gallery-item'>\n\t\t\t<dt class='gallery-icon landscape'>\n\t\t\t\t<a href='https:\/\/www.sc-syrau.de\/leichtathletik\/dsc02088\/'><img loading=\"lazy\" decoding=\"async\" width=\"150\" height=\"150\" src=\"https:\/\/www.sc-syrau.de\/leichtathletik\/wp-content\/uploads\/sites\/4\/2014\/06\/dsc02088-150x150.jpg\" class=\"attachment-thumbnail size-thumbnail\" alt=\"\" \/><\/a>\n\t\t\t<\/dt><\/dl><dl class='gallery-item'>\n\t\t\t<dt class='gallery-icon landscape'>\n\t\t\t\t<a href='https:\/\/www.sc-syrau.de\/leichtathletik\/dsc02085\/'><img loading=\"lazy\" decoding=\"async\" width=\"150\" height=\"150\" src=\"https:\/\/www.sc-syrau.de\/leichtathletik\/wp-content\/uploads\/sites\/4\/2014\/06\/dsc02085-150x150.jpg\" class=\"attachment-thumbnail size-thumbnail\" alt=\"\" \/><\/a>\n\t\t\t<\/dt><\/dl><dl class='gallery-item'>\n\t\t\t<dt class='gallery-icon landscape'>\n\t\t\t\t<a href='https:\/\/www.sc-syrau.de\/leichtathletik\/dsc02084\/'><img loading=\"lazy\" decoding=\"async\" width=\"150\" height=\"150\" src=\"https:\/\/www.sc-syrau.de\/leichtathletik\/wp-content\/uploads\/sites\/4\/2014\/06\/dsc02084-150x150.jpg\" class=\"attachment-thumbnail size-thumbnail\" alt=\"\" \/><\/a>\n\t\t\t<\/dt><\/dl><dl class='gallery-item'>\n\t\t\t<dt class='gallery-icon landscape'>\n\t\t\t\t<a href='https:\/\/www.sc-syrau.de\/leichtathletik\/dsc02082\/'><img loading=\"lazy\" decoding=\"async\" width=\"150\" height=\"150\" src=\"https:\/\/www.sc-syrau.de\/leichtathletik\/wp-content\/uploads\/sites\/4\/2014\/06\/dsc02082-150x150.jpg\" class=\"attachment-thumbnail size-thumbnail\" alt=\"\" \/><\/a>\n\t\t\t<\/dt><\/dl><dl class='gallery-item'>\n\t\t\t<dt class='gallery-icon landscape'>\n\t\t\t\t<a href='https:\/\/www.sc-syrau.de\/leichtathletik\/dsc02080\/'><img loading=\"lazy\" decoding=\"async\" width=\"150\" height=\"150\" src=\"https:\/\/www.sc-syrau.de\/leichtathletik\/wp-content\/uploads\/sites\/4\/2014\/06\/dsc02080-150x150.jpg\" class=\"attachment-thumbnail size-thumbnail\" alt=\"\" \/><\/a>\n\t\t\t<\/dt><\/dl><br style=\"clear: both\" \/><dl class='gallery-item'>\n\t\t\t<dt class='gallery-icon landscape'>\n\t\t\t\t<a href='https:\/\/www.sc-syrau.de\/leichtathletik\/dsc02079\/'><img loading=\"lazy\" decoding=\"async\" width=\"150\" height=\"150\" src=\"https:\/\/www.sc-syrau.de\/leichtathletik\/wp-content\/uploads\/sites\/4\/2014\/06\/dsc02079-150x150.jpg\" class=\"attachment-thumbnail size-thumbnail\" alt=\"\" \/><\/a>\n\t\t\t<\/dt><\/dl><dl class='gallery-item'>\n\t\t\t<dt class='gallery-icon landscape'>\n\t\t\t\t<a href='https:\/\/www.sc-syrau.de\/leichtathletik\/dsc02078\/'><img loading=\"lazy\" decoding=\"async\" width=\"150\" height=\"150\" src=\"https:\/\/www.sc-syrau.de\/leichtathletik\/wp-content\/uploads\/sites\/4\/2014\/06\/dsc02078-150x150.jpg\" class=\"attachment-thumbnail size-thumbnail\" alt=\"\" \/><\/a>\n\t\t\t<\/dt><\/dl>\n\t\t\t<br style='clear: both' \/>\n\t\t<\/div>\n\n<hr \/>\n<h1><span style=\"text-decoration: underline\"><span style=\"color: #000080;text-decoration: underline\">14.06.2014 &#8211; Chemnitz<br \/>\n<\/span><\/span><\/h1>\n<h3><strong><span style=\"color: #000080\">25. Sachsenmeeting<\/span><\/strong><\/h3>\n<p><strong><span style=\"color: #000000\">Emilia Peikert stellt einen\u00a0<span style=\"color: #ff0000\">neuen Vogtlandrekord<\/span>\u00a0im Schlagball (80g) in der AK 11 auf.<\/span><\/strong><\/p>\n<p><span style=\"color: #008000\"><strong><a href=\"https:\/\/scsyraula.files.wordpress.com\/2014\/04\/14-06-2014-sachsenmeeting-chemnitz.pdf\" target=\"_blank\"><span style=\"color: #008000\">Ergebnisse<\/span><\/a><\/strong><\/span><\/p>\n<p><span style=\"color: #000000\">siehe auch auf\u00a0<\/span><a href=\"http:\/\/www.lvsachsen.de\/front_content.php?idcat=88\" target=\"_blank\">www.lv-sachsen.de<\/a><\/p>\n<p>[\/et_pb_text][\/et_pb_column][\/et_pb_row][\/et_pb_section]<\/p>\n","protected":false},"excerpt":{"rendered":"<p>28.06.2014 &#8211; Chemnitz Regionalmeisterschaft Jugend U14 und Kinder U12 \u00a0Ergebnisse siehe auch auf\u00a0www.lv-sachsen.de 20.06. bis 22.06.2014 &#8211; Falkenstein 9. Vogtlandspiele Die Vogtlandspiele der Leichtathletik sind zu Ende.\u00a0 Viele gute Leistungen [&hellip;]<\/p>\n","protected":false},"author":5,"featured_media":0,"comment_status":"open","ping_status":"open","sticky":false,"template":"","format":"standard","meta":{"_et_pb_use_builder":"on","_et_pb_old_content":"","_et_gb_content_width":"","footnotes":""},"categories":[10],"tags":[6],"class_list":["post-1881","post","type-post","status-publish","format-standard","hentry","category-archiv","tag-ergebnisse-2014"],"_links":{"self":[{"href":"https:\/\/www.sc-syrau.de\/leichtathletik\/wp-json\/wp\/v2\/posts\/1881","targetHints":{"allow":["GET"]}}],"collection":[{"href":"https:\/\/www.sc-syrau.de\/leichtathletik\/wp-json\/wp\/v2\/posts"}],"about":[{"href":"https:\/\/www.sc-syrau.de\/leichtathletik\/wp-json\/wp\/v2\/types\/post"}],"author":[{"embeddable":true,"href":"https:\/\/www.sc-syrau.de\/leichtathletik\/wp-json\/wp\/v2\/users\/5"}],"replies":[{"embeddable":true,"href":"https:\/\/www.sc-syrau.de\/leichtathletik\/wp-json\/wp\/v2\/comments?post=1881"}],"version-history":[{"count":3,"href":"https:\/\/www.sc-syrau.de\/leichtathletik\/wp-json\/wp\/v2\/posts\/1881\/revisions"}],"predecessor-version":[{"id":1884,"href":"https:\/\/www.sc-syrau.de\/leichtathletik\/wp-json\/wp\/v2\/posts\/1881\/revisions\/1884"}],"wp:attachment":[{"href":"https:\/\/www.sc-syrau.de\/leichtathletik\/wp-json\/wp\/v2\/media?parent=1881"}],"wp:term":[{"taxonomy":"category","embeddable":true,"href":"https:\/\/www.sc-syrau.de\/leichtathletik\/wp-json\/wp\/v2\/categories?post=1881"},{"taxonomy":"post_tag","embeddable":true,"href":"https:\/\/www.sc-syrau.de\/leichtathletik\/wp-json\/wp\/v2\/tags?post=1881"}],"curies":[{"name":"wp","href":"https:\/\/api.w.org\/{rel}","templated":true}]}}