{"id":1928,"date":"2015-11-01T12:28:13","date_gmt":"2015-11-01T11:28:13","guid":{"rendered":"http:\/\/www.sc-syrau.de\/leichtathletik\/?p=1928"},"modified":"2016-04-25T12:30:03","modified_gmt":"2016-04-25T10:30:03","slug":"november-2015","status":"publish","type":"post","link":"https:\/\/www.sc-syrau.de\/leichtathletik\/2015\/11\/01\/november-2015\/","title":{"rendered":"November 2015"},"content":{"rendered":"<p>[et_pb_section admin_label=&#8220;section&#8220;][et_pb_row admin_label=&#8220;row&#8220;][et_pb_column type=&#8220;4_4&#8243;][et_pb_text admin_label=&#8220;Text&#8220; background_layout=&#8220;light&#8220; text_orientation=&#8220;left&#8220; text_font=&#8220;Times New Roman||||&#8220; use_border_color=&#8220;off&#8220; border_color=&#8220;#ffffff&#8220; border_style=&#8220;solid&#8220;]<\/p>\n<h1><span style=\"text-decoration: underline;color: #000080\">28.11.2015 &#8211; Chemnitz<\/span><\/h1>\n<h3><span style=\"color: #000080\"><strong>Offene Hallenmeisterschaft der Stadt Chemnitz<\/strong><br \/>\n<\/span><\/h3>\n<p><span style=\"color: #008000\"><strong><a style=\"color: #008000\" title=\"28.11.2015 Chemnitz Offene HM\" href=\"https:\/\/scsyraula.files.wordpress.com\/2015\/12\/28-11-2015-chemnitz-offene-hm.pdf\" target=\"_blank\">Ergebnisse<\/a><\/strong><\/span><\/p>\n\n\t\t<style type=\"text\/css\">\n\t\t\t#gallery-1 {\n\t\t\t\tmargin: auto;\n\t\t\t}\n\t\t\t#gallery-1 .gallery-item {\n\t\t\t\tfloat: left;\n\t\t\t\tmargin-top: 10px;\n\t\t\t\ttext-align: center;\n\t\t\t\twidth: 33%;\n\t\t\t}\n\t\t\t#gallery-1 img {\n\t\t\t\tborder: 2px solid #cfcfcf;\n\t\t\t}\n\t\t\t#gallery-1 .gallery-caption {\n\t\t\t\tmargin-left: 0;\n\t\t\t}\n\t\t\t\/* see gallery_shortcode() in wp-includes\/media.php *\/\n\t\t<\/style>\n\t\t<div id='gallery-1' class='gallery galleryid-1928 gallery-columns-3 gallery-size-thumbnail'><dl class='gallery-item'>\n\t\t\t<dt class='gallery-icon landscape'>\n\t\t\t\t<a href='https:\/\/www.sc-syrau.de\/leichtathletik\/p1040084\/'><img loading=\"lazy\" decoding=\"async\" width=\"150\" height=\"150\" src=\"https:\/\/www.sc-syrau.de\/leichtathletik\/wp-content\/uploads\/sites\/4\/2015\/12\/p1040084-150x150.jpg\" class=\"attachment-thumbnail size-thumbnail\" alt=\"\" \/><\/a>\n\t\t\t<\/dt><\/dl>\n\t\t\t<br style='clear: both' \/>\n\t\t<\/div>\n\n<hr \/>\n<h1><span style=\"text-decoration: underline;color: #000080\">07.11.2015 &#8211; Reichenbach<\/span><\/h1>\n<h3><strong><span style=\"color: #000080\">Landesmeisterschaften Cross<\/span><\/strong><\/h3>\n<p><span style=\"color: #000000\">An den Landesmeisterschaften Cross nahmen von unserem Verein zwei Athleten teil &#8211; Thomas M\u00e4dler und Kevin Oertel.<\/span><\/p>\n<p><span style=\"color: #000000\">Sie konnten folgende Ergebnisse und Platzierungen erzielen:<\/span><\/p>\n<p><strong><span style=\"color: #000000\">Thomas M\u00e4dler (M\u00e4nner und Senioren): 12 Platz \u00fcber 4 km in einer Zeit von 14:37 min<\/span><\/strong><\/p>\n<p><strong><span style=\"color: #000000\">Kevin Oertel (U16):\u00a0 5.Platz \u00fcber 2 km in einer Zeit von 6:22 min<\/span><\/strong><\/p>\n<p><span style=\"color: #000000\">Herzlichen Gl\u00fcckwunsch an die beiden L\u00e4ufer!<\/span><\/p>\n<p><span style=\"color: #000000\">Alle Ergebnisse sind auf\u00a0<a href=\"http:\/\/www.lvsachsen.de\/index.php\/ergebnisse.html\" target=\"_blank\">www.lvsachsen.de\u00a0<\/a>zu finden.<\/span><\/p>\n<hr \/>\n<h1><span style=\"text-decoration: underline;color: #000080\">01.11.2015 &#8211; Zwickau<\/span><\/h1>\n<h3><span style=\"color: #000080\"><strong>Regionalmeisterschaften Cross<\/strong><br \/>\n<\/span><\/h3>\n<p><strong><span style=\"color: #008000\"><a style=\"color: #008000\" title=\"01.11.2015 Zwickau RM Cross\" href=\"https:\/\/scsyraula.files.wordpress.com\/2015\/12\/01-11-2015-zwickau-rm-cross.pdf\" target=\"_blank\">Ergebnisse<\/a><\/span><\/strong><\/p>\n<p><span style=\"color: #000000\">Die Ergebnisse sind auch auf\u00a0<a href=\"http:\/\/www.lvsachsen.de\/index.php\/ergebnisse.html\" target=\"_blank\">www.lvsachsen.de<\/a>\u00a0zu finden.<\/span><\/p>\n<p>[\/et_pb_text][\/et_pb_column][\/et_pb_row][\/et_pb_section]<\/p>\n","protected":false},"excerpt":{"rendered":"<p>28.11.2015 &#8211; Chemnitz Offene Hallenmeisterschaft der Stadt Chemnitz Ergebnisse \n\t\t<style type=\"text\/css\">\n\t\t\t#gallery-2 {\n\t\t\t\tmargin: auto;\n\t\t\t}\n\t\t\t#gallery-2 .gallery-item {\n\t\t\t\tfloat: left;\n\t\t\t\tmargin-top: 10px;\n\t\t\t\ttext-align: center;\n\t\t\t\twidth: 33%;\n\t\t\t}\n\t\t\t#gallery-2 img {\n\t\t\t\tborder: 2px solid #cfcfcf;\n\t\t\t}\n\t\t\t#gallery-2 .gallery-caption {\n\t\t\t\tmargin-left: 0;\n\t\t\t}\n\t\t\t\/* see gallery_shortcode() in wp-includes\/media.php *\/\n\t\t<\/style>\n\t\t<div id='gallery-2' class='gallery galleryid-1928 gallery-columns-3 gallery-size-thumbnail'><dl class='gallery-item'>\n\t\t\t<dt class='gallery-icon landscape'>\n\t\t\t\t<a href='https:\/\/www.sc-syrau.de\/leichtathletik\/p1040084\/'><img width=\"150\" height=\"150\" src=\"https:\/\/www.sc-syrau.de\/leichtathletik\/wp-content\/uploads\/sites\/4\/2015\/12\/p1040084-150x150.jpg\" class=\"attachment-thumbnail size-thumbnail\" alt=\"\" decoding=\"async\" loading=\"lazy\" \/><\/a>\n\t\t\t<\/dt><\/dl>\n\t\t\t<br style='clear: both' \/>\n\t\t<\/div>\n 07.11.2015 &#8211; Reichenbach Landesmeisterschaften Cross An den Landesmeisterschaften Cross nahmen von unserem Verein zwei Athleten teil &#8211; Thomas [&hellip;]<\/p>\n","protected":false},"author":5,"featured_media":0,"comment_status":"open","ping_status":"open","sticky":false,"template":"","format":"standard","meta":{"_et_pb_use_builder":"on","_et_pb_old_content":"","_et_gb_content_width":"","footnotes":""},"categories":[10],"tags":[7],"class_list":["post-1928","post","type-post","status-publish","format-standard","hentry","category-archiv","tag-ergebnisse-2015"],"_links":{"self":[{"href":"https:\/\/www.sc-syrau.de\/leichtathletik\/wp-json\/wp\/v2\/posts\/1928","targetHints":{"allow":["GET"]}}],"collection":[{"href":"https:\/\/www.sc-syrau.de\/leichtathletik\/wp-json\/wp\/v2\/posts"}],"about":[{"href":"https:\/\/www.sc-syrau.de\/leichtathletik\/wp-json\/wp\/v2\/types\/post"}],"author":[{"embeddable":true,"href":"https:\/\/www.sc-syrau.de\/leichtathletik\/wp-json\/wp\/v2\/users\/5"}],"replies":[{"embeddable":true,"href":"https:\/\/www.sc-syrau.de\/leichtathletik\/wp-json\/wp\/v2\/comments?post=1928"}],"version-history":[{"count":1,"href":"https:\/\/www.sc-syrau.de\/leichtathletik\/wp-json\/wp\/v2\/posts\/1928\/revisions"}],"predecessor-version":[{"id":1929,"href":"https:\/\/www.sc-syrau.de\/leichtathletik\/wp-json\/wp\/v2\/posts\/1928\/revisions\/1929"}],"wp:attachment":[{"href":"https:\/\/www.sc-syrau.de\/leichtathletik\/wp-json\/wp\/v2\/media?parent=1928"}],"wp:term":[{"taxonomy":"category","embeddable":true,"href":"https:\/\/www.sc-syrau.de\/leichtathletik\/wp-json\/wp\/v2\/categories?post=1928"},{"taxonomy":"post_tag","embeddable":true,"href":"https:\/\/www.sc-syrau.de\/leichtathletik\/wp-json\/wp\/v2\/tags?post=1928"}],"curies":[{"name":"wp","href":"https:\/\/api.w.org\/{rel}","templated":true}]}}